{"id":227,"date":"2022-02-26T18:24:02","date_gmt":"2022-02-26T15:24:02","guid":{"rendered":"https:\/\/mlhgurkan.com\/?p=227"},"modified":"2022-02-27T11:42:24","modified_gmt":"2022-02-27T08:42:24","slug":"anda-kalmanin-faydalari-nelerdir","status":"publish","type":"post","link":"https:\/\/mlhgurkan.com\/index.php\/2022\/02\/26\/anda-kalmanin-faydalari-nelerdir\/","title":{"rendered":"Anda kalman\u0131n faydalar\u0131 nelerdir?"},"content":{"rendered":"<div data-pm-slice=\"1 1 []\" data-en-clipboard=\"true\"><strong>Anda Kalman\u0131n \u00d6nemi<\/strong><\/div>\n<div data-pm-slice=\"1 1 []\" data-en-clipboard=\"true\"><\/div>\n<div>Anda kalmak, an\u0131 ya\u015famakla ilgili s\u00fcrekli bir\u015feyler okuyor, g\u00f6r\u00fcyor ya da duyuyor olabilirsiniz. Peki anda kalmak neden bu kadar \u00e7ok vurgulan\u0131yor ya da \u00f6nemseniyor olabilir? Birlikte inceleyelim&#8230;\u0130nsan zihni di\u011fer b\u00fct\u00fcn canl\u0131lardan farkl\u0131 olarak ge\u00e7mi\u015f ve gelecek ile ba\u011flant\u0131l\u0131 olma haline sahiptir. Ge\u00e7mi\u015f ya\u015fant\u0131lar\u0131n ve hen\u00fcz ger\u00e7ekle\u015fmemi\u015f gelece\u011fe dair \u00f6ng\u00f6r\u00fclerin bizlerde olu\u015fturdu\u011fu duygu, d\u00fc\u015f\u00fcnce ve bedensel duyumlar\u0131n g\u00fcn\u00fcm\u00fczdeki ruh halimizi etkilemesi insana has bir durumdur.\u00a0 Pek \u00e7o\u011fumuz bilin\u00e7li ya da bilin\u00e7siz bir \u015fekilde ge\u00e7mi\u015f ya\u015fant\u0131lar\u0131n ya da gelecekte olmas\u0131 olas\u0131 olaylar\u0131n ya da durumlar\u0131n etkisinde kal\u0131yor olabiliriz. Hatta g\u00fcnl\u00fck ya\u015famda se\u00e7imlerimizi bunlara g\u00f6re yap\u0131yor olabiliriz.<\/div>\n<div><\/div>\n<div>Ara\u015ft\u0131rmalar d\u00fc\u015f\u00fcncelerimizin tahmin edilenden \u00e7ok daha fazla \u015fimdiki zamandan uzakla\u015ft\u0131\u011f\u0131n\u0131 g\u00f6stermektedir. \u00c7ok uzun s\u00fcre d\u00fc\u015f\u00fcncelerimiz ge\u00e7mi\u015fte ya da gelecekte u\u00e7u\u015fabilir ve bizler bunu farkedemeyebiliriz.\u00a0 Bunun yan\u0131nda insan beyni s\u00fcrekli d\u00fc\u015f\u00fcnce \u00fcreten bir makine gibidir. Anda kalma becerisi d\u00fc\u015f\u00fck oldu\u011funda \u00e7at\u0131\u015fmal\u0131 ge\u00e7mi\u015f ya\u015fant\u0131lar ya da kayg\u0131 verici olas\u0131 gelecek durumlar\u0131n etkisiyle insan\u0131n d\u00fc\u015f\u00fcnceleri aras\u0131nda kaybolmas\u0131 ile kayg\u0131, stres seviyeleri art\u0131\u015f g\u00f6stermektedir.<\/div>\n<div><\/div>\n<div>Anda kalmak ya\u015famdan al\u0131nan deneyimin tam olarak hissedilmesini sa\u011flar. Olumlu ya da olumsuz t\u00fcm y\u00f6nleriyle ya\u015fam deneyiminin daha az yarg\u0131lay\u0131c\u0131 bir bi\u00e7imde oldu\u011fu gibi kabul edilmesi anda kalma becerisinin artt\u0131r\u0131lmas\u0131 ile m\u00fcmk\u00fcnd\u00fcr. Bu y\u00f6n\u00fcyle anda kalmak \u00f6zellikle ikili ili\u015fkilerdeki ileti\u015fimi g\u00fc\u00e7lendirerek kar\u015f\u0131l\u0131kl\u0131 doyumun artmas\u0131na katk\u0131 sa\u011flamaktad\u0131r.<\/div>\n<div><\/div>\n<div><strong>Anda kalma becerisi nas\u0131l geli\u015fir?<\/strong><\/div>\n<div><\/div>\n<div>Ba\u015fta yoga olmak \u00fczere, meditasyon, mindfulness uygulamalar\u0131 ya da \u00e7e\u015fitli nefes egzersizleri gibi pek \u00e7ok meditatif uygulama ile anda kalma prati\u011fi geli\u015ftirilebilir. Bu t\u00fcr uygulamalarda ger\u00e7ekle\u015ftirilen, dikkat oda\u011f\u0131n\u0131n bilin\u00e7li olarak ana yo\u011funla\u015ft\u0131r\u0131lmas\u0131, bedenin farkl\u0131 b\u00f6lgelerine, nefese odaklanma gibi \u00e7abalar\u0131n d\u00fczenli bir \u015fekilde uygulanmas\u0131 anda kalma prati\u011finin geli\u015fimini sa\u011flayacakt\u0131r.<\/div>\n","protected":false},"excerpt":{"rendered":"<p>Anda Kalman\u0131n \u00d6nemi Anda kalmak, an\u0131 ya\u015famakla ilgili s\u00fcrekli bir\u015feyler okuyor, g\u00f6r\u00fcyor ya da duyuyor olabilirsiniz. Peki anda kalmak neden bu kadar \u00e7ok vurgulan\u0131yor ya da \u00f6nemseniyor olabilir? Birlikte inceleyelim&#8230;\u0130nsan zihni di\u011fer b\u00fct\u00fcn canl\u0131lardan farkl\u0131 olarak ge\u00e7mi\u015f ve gelecek ile ba\u011flant\u0131l\u0131 olma haline sahiptir. Ge\u00e7mi\u015f ya\u015fant\u0131lar\u0131n ve hen\u00fcz ger\u00e7ekle\u015fmemi\u015f gelece\u011fe dair \u00f6ng\u00f6r\u00fclerin bizlerde olu\u015fturdu\u011fu duygu, &hellip; <\/p>\n<p class=\"link-more\"><a href=\"https:\/\/mlhgurkan.com\/index.php\/2022\/02\/26\/anda-kalmanin-faydalari-nelerdir\/\" class=\"more-link\">Okumaya devam et<span class=\"screen-reader-text\"> &#8220;Anda kalman\u0131n faydalar\u0131 nelerdir?&#8221;<\/span><\/a><\/p>\n","protected":false},"author":1,"featured_media":0,"comment_status":"open","ping_status":"open","sticky":false,"template":"","format":"standard","meta":{"om_disable_all_campaigns":false,"_mi_skip_tracking":false,"_monsterinsights_sitenote_active":false,"_monsterinsights_sitenote_note":"","_monsterinsights_sitenote_category":0,"_joinchat":[],"footnotes":""},"categories":[1],"tags":[],"class_list":["post-227","post","type-post","status-publish","format-standard","hentry","category-uncategorized"],"yoast_head":"<!-- This site is optimized with the Yoast SEO plugin v27.5 - https:\/\/yoast.com\/product\/yoast-seo-wordpress\/ -->\n<title>Anda kalman\u0131n faydalar\u0131 nelerdir? - Melih G\u00fcrkan %<\/title>\n<meta name=\"description\" content=\"Anda kalmak, an\u0131 ya\u015famakla ilgili s\u00fcrekli bir\u015feyler okuyor, g\u00f6r\u00fcyor ya da duyuyor olabilirsiniz. Peki anda kalmak neden bu kadar \u00e7ok vurgulan\u0131yor ya da \u00f6nemseniyor olabilir? Birlikte inceleyelim...\" \/>\n<meta name=\"robots\" content=\"index, follow, max-snippet:-1, max-image-preview:large, max-video-preview:-1\" \/>\n<link rel=\"canonical\" href=\"https:\/\/mlhgurkan.com\/index.php\/2022\/02\/26\/anda-kalmanin-faydalari-nelerdir\/\" \/>\n<meta property=\"og:locale\" content=\"tr_TR\" \/>\n<meta property=\"og:type\" content=\"article\" \/>\n<meta property=\"og:title\" content=\"Anda kalman\u0131n faydalar\u0131 nelerdir? - Melih G\u00fcrkan %\" \/>\n<meta property=\"og:description\" content=\"Anda kalmak, an\u0131 ya\u015famakla ilgili s\u00fcrekli bir\u015feyler okuyor, g\u00f6r\u00fcyor ya da duyuyor olabilirsiniz. Peki anda kalmak neden bu kadar \u00e7ok vurgulan\u0131yor ya da \u00f6nemseniyor olabilir? Birlikte inceleyelim...\" \/>\n<meta property=\"og:url\" content=\"https:\/\/mlhgurkan.com\/index.php\/2022\/02\/26\/anda-kalmanin-faydalari-nelerdir\/\" \/>\n<meta property=\"og:site_name\" content=\"Melih G\u00fcrkan\" \/>\n<meta property=\"article:published_time\" content=\"2022-02-26T15:24:02+00:00\" \/>\n<meta property=\"article:modified_time\" content=\"2022-02-27T08:42:24+00:00\" \/>\n<meta name=\"author\" content=\"Melih G\u00fcrkan\" \/>\n<meta name=\"twitter:card\" content=\"summary_large_image\" \/>\n<meta name=\"twitter:label1\" content=\"Yazan:\" \/>\n\t<meta name=\"twitter:data1\" content=\"Melih G\u00fcrkan\" \/>\n\t<meta name=\"twitter:label2\" content=\"Tahmini okuma s\u00fcresi\" \/>\n\t<meta name=\"twitter:data2\" content=\"2 dakika\" \/>\n<script type=\"application\/ld+json\" class=\"yoast-schema-graph\">{\"@context\":\"https:\\\/\\\/schema.org\",\"@graph\":[{\"@type\":\"Article\",\"@id\":\"https:\\\/\\\/mlhgurkan.com\\\/index.php\\\/2022\\\/02\\\/26\\\/anda-kalmanin-faydalari-nelerdir\\\/#article\",\"isPartOf\":{\"@id\":\"https:\\\/\\\/mlhgurkan.com\\\/index.php\\\/2022\\\/02\\\/26\\\/anda-kalmanin-faydalari-nelerdir\\\/\"},\"author\":{\"name\":\"Melih G\u00fcrkan\",\"@id\":\"https:\\\/\\\/mlhgurkan.com\\\/#\\\/schema\\\/person\\\/cc2f796de39190997ac572b3ce8b254f\"},\"headline\":\"Anda kalman\u0131n faydalar\u0131 nelerdir?\",\"datePublished\":\"2022-02-26T15:24:02+00:00\",\"dateModified\":\"2022-02-27T08:42:24+00:00\",\"mainEntityOfPage\":{\"@id\":\"https:\\\/\\\/mlhgurkan.com\\\/index.php\\\/2022\\\/02\\\/26\\\/anda-kalmanin-faydalari-nelerdir\\\/\"},\"wordCount\":383,\"commentCount\":0,\"publisher\":{\"@id\":\"https:\\\/\\\/mlhgurkan.com\\\/#\\\/schema\\\/person\\\/cc2f796de39190997ac572b3ce8b254f\"},\"articleSection\":[\"Uncategorized\"],\"inLanguage\":\"tr\",\"potentialAction\":[{\"@type\":\"CommentAction\",\"name\":\"Comment\",\"target\":[\"https:\\\/\\\/mlhgurkan.com\\\/index.php\\\/2022\\\/02\\\/26\\\/anda-kalmanin-faydalari-nelerdir\\\/#respond\"]}]},{\"@type\":\"WebPage\",\"@id\":\"https:\\\/\\\/mlhgurkan.com\\\/index.php\\\/2022\\\/02\\\/26\\\/anda-kalmanin-faydalari-nelerdir\\\/\",\"url\":\"https:\\\/\\\/mlhgurkan.com\\\/index.php\\\/2022\\\/02\\\/26\\\/anda-kalmanin-faydalari-nelerdir\\\/\",\"name\":\"Anda kalman\u0131n faydalar\u0131 nelerdir? - Melih G\u00fcrkan %\",\"isPartOf\":{\"@id\":\"https:\\\/\\\/mlhgurkan.com\\\/#website\"},\"datePublished\":\"2022-02-26T15:24:02+00:00\",\"dateModified\":\"2022-02-27T08:42:24+00:00\",\"description\":\"Anda kalmak, an\u0131 ya\u015famakla ilgili s\u00fcrekli bir\u015feyler okuyor, g\u00f6r\u00fcyor ya da duyuyor olabilirsiniz. Peki anda kalmak neden bu kadar \u00e7ok vurgulan\u0131yor ya da \u00f6nemseniyor olabilir? Birlikte inceleyelim...\",\"breadcrumb\":{\"@id\":\"https:\\\/\\\/mlhgurkan.com\\\/index.php\\\/2022\\\/02\\\/26\\\/anda-kalmanin-faydalari-nelerdir\\\/#breadcrumb\"},\"inLanguage\":\"tr\",\"potentialAction\":[{\"@type\":\"ReadAction\",\"target\":[\"https:\\\/\\\/mlhgurkan.com\\\/index.php\\\/2022\\\/02\\\/26\\\/anda-kalmanin-faydalari-nelerdir\\\/\"]}]},{\"@type\":\"BreadcrumbList\",\"@id\":\"https:\\\/\\\/mlhgurkan.com\\\/index.php\\\/2022\\\/02\\\/26\\\/anda-kalmanin-faydalari-nelerdir\\\/#breadcrumb\",\"itemListElement\":[{\"@type\":\"ListItem\",\"position\":1,\"name\":\"Anasayfa\",\"item\":\"https:\\\/\\\/mlhgurkan.com\\\/\"},{\"@type\":\"ListItem\",\"position\":2,\"name\":\"Anda kalman\u0131n faydalar\u0131 nelerdir?\"}]},{\"@type\":\"WebSite\",\"@id\":\"https:\\\/\\\/mlhgurkan.com\\\/#website\",\"url\":\"https:\\\/\\\/mlhgurkan.com\\\/\",\"name\":\"Melih G\u00fcrkan\",\"description\":\"Uzm. Psikolojik Dan\u0131\u015fman, Psikoterapist\",\"publisher\":{\"@id\":\"https:\\\/\\\/mlhgurkan.com\\\/#\\\/schema\\\/person\\\/cc2f796de39190997ac572b3ce8b254f\"},\"potentialAction\":[{\"@type\":\"SearchAction\",\"target\":{\"@type\":\"EntryPoint\",\"urlTemplate\":\"https:\\\/\\\/mlhgurkan.com\\\/?s={search_term_string}\"},\"query-input\":{\"@type\":\"PropertyValueSpecification\",\"valueRequired\":true,\"valueName\":\"search_term_string\"}}],\"inLanguage\":\"tr\"},{\"@type\":[\"Person\",\"Organization\"],\"@id\":\"https:\\\/\\\/mlhgurkan.com\\\/#\\\/schema\\\/person\\\/cc2f796de39190997ac572b3ce8b254f\",\"name\":\"Melih G\u00fcrkan\",\"image\":{\"@type\":\"ImageObject\",\"inLanguage\":\"tr\",\"@id\":\"https:\\\/\\\/mlhgurkan.com\\\/wp-content\\\/uploads\\\/2026\\\/01\\\/3.jpg\",\"url\":\"https:\\\/\\\/mlhgurkan.com\\\/wp-content\\\/uploads\\\/2026\\\/01\\\/3.jpg\",\"contentUrl\":\"https:\\\/\\\/mlhgurkan.com\\\/wp-content\\\/uploads\\\/2026\\\/01\\\/3.jpg\",\"width\":1452,\"height\":1873,\"caption\":\"Melih G\u00fcrkan\"},\"logo\":{\"@id\":\"https:\\\/\\\/mlhgurkan.com\\\/wp-content\\\/uploads\\\/2026\\\/01\\\/3.jpg\"},\"sameAs\":[\"http:\\\/\\\/mlhgurkan.com\"],\"url\":\"https:\\\/\\\/mlhgurkan.com\\\/index.php\\\/author\\\/mlhgurkanhotmail-com\\\/\"}]}<\/script>\n<!-- \/ Yoast SEO plugin. -->","yoast_head_json":{"title":"Anda kalman\u0131n faydalar\u0131 nelerdir? - Melih G\u00fcrkan %","description":"Anda kalmak, an\u0131 ya\u015famakla ilgili s\u00fcrekli bir\u015feyler okuyor, g\u00f6r\u00fcyor ya da duyuyor olabilirsiniz. Peki anda kalmak neden bu kadar \u00e7ok vurgulan\u0131yor ya da \u00f6nemseniyor olabilir? Birlikte inceleyelim...","robots":{"index":"index","follow":"follow","max-snippet":"max-snippet:-1","max-image-preview":"max-image-preview:large","max-video-preview":"max-video-preview:-1"},"canonical":"https:\/\/mlhgurkan.com\/index.php\/2022\/02\/26\/anda-kalmanin-faydalari-nelerdir\/","og_locale":"tr_TR","og_type":"article","og_title":"Anda kalman\u0131n faydalar\u0131 nelerdir? - Melih G\u00fcrkan %","og_description":"Anda kalmak, an\u0131 ya\u015famakla ilgili s\u00fcrekli bir\u015feyler okuyor, g\u00f6r\u00fcyor ya da duyuyor olabilirsiniz. Peki anda kalmak neden bu kadar \u00e7ok vurgulan\u0131yor ya da \u00f6nemseniyor olabilir? Birlikte inceleyelim...","og_url":"https:\/\/mlhgurkan.com\/index.php\/2022\/02\/26\/anda-kalmanin-faydalari-nelerdir\/","og_site_name":"Melih G\u00fcrkan","article_published_time":"2022-02-26T15:24:02+00:00","article_modified_time":"2022-02-27T08:42:24+00:00","author":"Melih G\u00fcrkan","twitter_card":"summary_large_image","twitter_misc":{"Yazan:":"Melih G\u00fcrkan","Tahmini okuma s\u00fcresi":"2 dakika"},"schema":{"@context":"https:\/\/schema.org","@graph":[{"@type":"Article","@id":"https:\/\/mlhgurkan.com\/index.php\/2022\/02\/26\/anda-kalmanin-faydalari-nelerdir\/#article","isPartOf":{"@id":"https:\/\/mlhgurkan.com\/index.php\/2022\/02\/26\/anda-kalmanin-faydalari-nelerdir\/"},"author":{"name":"Melih G\u00fcrkan","@id":"https:\/\/mlhgurkan.com\/#\/schema\/person\/cc2f796de39190997ac572b3ce8b254f"},"headline":"Anda kalman\u0131n faydalar\u0131 nelerdir?","datePublished":"2022-02-26T15:24:02+00:00","dateModified":"2022-02-27T08:42:24+00:00","mainEntityOfPage":{"@id":"https:\/\/mlhgurkan.com\/index.php\/2022\/02\/26\/anda-kalmanin-faydalari-nelerdir\/"},"wordCount":383,"commentCount":0,"publisher":{"@id":"https:\/\/mlhgurkan.com\/#\/schema\/person\/cc2f796de39190997ac572b3ce8b254f"},"articleSection":["Uncategorized"],"inLanguage":"tr","potentialAction":[{"@type":"CommentAction","name":"Comment","target":["https:\/\/mlhgurkan.com\/index.php\/2022\/02\/26\/anda-kalmanin-faydalari-nelerdir\/#respond"]}]},{"@type":"WebPage","@id":"https:\/\/mlhgurkan.com\/index.php\/2022\/02\/26\/anda-kalmanin-faydalari-nelerdir\/","url":"https:\/\/mlhgurkan.com\/index.php\/2022\/02\/26\/anda-kalmanin-faydalari-nelerdir\/","name":"Anda kalman\u0131n faydalar\u0131 nelerdir? - Melih G\u00fcrkan %","isPartOf":{"@id":"https:\/\/mlhgurkan.com\/#website"},"datePublished":"2022-02-26T15:24:02+00:00","dateModified":"2022-02-27T08:42:24+00:00","description":"Anda kalmak, an\u0131 ya\u015famakla ilgili s\u00fcrekli bir\u015feyler okuyor, g\u00f6r\u00fcyor ya da duyuyor olabilirsiniz. Peki anda kalmak neden bu kadar \u00e7ok vurgulan\u0131yor ya da \u00f6nemseniyor olabilir? Birlikte inceleyelim...","breadcrumb":{"@id":"https:\/\/mlhgurkan.com\/index.php\/2022\/02\/26\/anda-kalmanin-faydalari-nelerdir\/#breadcrumb"},"inLanguage":"tr","potentialAction":[{"@type":"ReadAction","target":["https:\/\/mlhgurkan.com\/index.php\/2022\/02\/26\/anda-kalmanin-faydalari-nelerdir\/"]}]},{"@type":"BreadcrumbList","@id":"https:\/\/mlhgurkan.com\/index.php\/2022\/02\/26\/anda-kalmanin-faydalari-nelerdir\/#breadcrumb","itemListElement":[{"@type":"ListItem","position":1,"name":"Anasayfa","item":"https:\/\/mlhgurkan.com\/"},{"@type":"ListItem","position":2,"name":"Anda kalman\u0131n faydalar\u0131 nelerdir?"}]},{"@type":"WebSite","@id":"https:\/\/mlhgurkan.com\/#website","url":"https:\/\/mlhgurkan.com\/","name":"Melih G\u00fcrkan","description":"Uzm. Psikolojik Dan\u0131\u015fman, Psikoterapist","publisher":{"@id":"https:\/\/mlhgurkan.com\/#\/schema\/person\/cc2f796de39190997ac572b3ce8b254f"},"potentialAction":[{"@type":"SearchAction","target":{"@type":"EntryPoint","urlTemplate":"https:\/\/mlhgurkan.com\/?s={search_term_string}"},"query-input":{"@type":"PropertyValueSpecification","valueRequired":true,"valueName":"search_term_string"}}],"inLanguage":"tr"},{"@type":["Person","Organization"],"@id":"https:\/\/mlhgurkan.com\/#\/schema\/person\/cc2f796de39190997ac572b3ce8b254f","name":"Melih G\u00fcrkan","image":{"@type":"ImageObject","inLanguage":"tr","@id":"https:\/\/mlhgurkan.com\/wp-content\/uploads\/2026\/01\/3.jpg","url":"https:\/\/mlhgurkan.com\/wp-content\/uploads\/2026\/01\/3.jpg","contentUrl":"https:\/\/mlhgurkan.com\/wp-content\/uploads\/2026\/01\/3.jpg","width":1452,"height":1873,"caption":"Melih G\u00fcrkan"},"logo":{"@id":"https:\/\/mlhgurkan.com\/wp-content\/uploads\/2026\/01\/3.jpg"},"sameAs":["http:\/\/mlhgurkan.com"],"url":"https:\/\/mlhgurkan.com\/index.php\/author\/mlhgurkanhotmail-com\/"}]}},"amp_enabled":true,"_links":{"self":[{"href":"https:\/\/mlhgurkan.com\/index.php\/wp-json\/wp\/v2\/posts\/227","targetHints":{"allow":["GET"]}}],"collection":[{"href":"https:\/\/mlhgurkan.com\/index.php\/wp-json\/wp\/v2\/posts"}],"about":[{"href":"https:\/\/mlhgurkan.com\/index.php\/wp-json\/wp\/v2\/types\/post"}],"author":[{"embeddable":true,"href":"https:\/\/mlhgurkan.com\/index.php\/wp-json\/wp\/v2\/users\/1"}],"replies":[{"embeddable":true,"href":"https:\/\/mlhgurkan.com\/index.php\/wp-json\/wp\/v2\/comments?post=227"}],"version-history":[{"count":5,"href":"https:\/\/mlhgurkan.com\/index.php\/wp-json\/wp\/v2\/posts\/227\/revisions"}],"predecessor-version":[{"id":232,"href":"https:\/\/mlhgurkan.com\/index.php\/wp-json\/wp\/v2\/posts\/227\/revisions\/232"}],"wp:attachment":[{"href":"https:\/\/mlhgurkan.com\/index.php\/wp-json\/wp\/v2\/media?parent=227"}],"wp:term":[{"taxonomy":"category","embeddable":true,"href":"https:\/\/mlhgurkan.com\/index.php\/wp-json\/wp\/v2\/categories?post=227"},{"taxonomy":"post_tag","embeddable":true,"href":"https:\/\/mlhgurkan.com\/index.php\/wp-json\/wp\/v2\/tags?post=227"}],"curies":[{"name":"wp","href":"https:\/\/api.w.org\/{rel}","templated":true}]}}